{"id":22581,"date":"2025-05-29T15:40:43","date_gmt":"2025-05-29T15:40:43","guid":{"rendered":"https:\/\/igrejadocastelo.pt\/?p=22581"},"modified":"2025-06-06T16:33:21","modified_gmt":"2025-06-06T16:33:21","slug":"francois-rousseau-bem-aventurancas-agenda-cultural-de-lisboa","status":"publish","type":"post","link":"https:\/\/igrejadocastelo.pt\/en\/francois-rousseau-bem-aventurancas-agenda-cultural-de-lisboa\/","title":{"rendered":"&#8220;Fran\u00e7ois Rousseau-Bem Aventuran\u00e7as&#8221; &#8211; Agenda Cultural de Lisboa"},"content":{"rendered":"<div data-elementor-type=\"wp-post\" data-elementor-id=\"22581\" class=\"elementor elementor-22581\">\n\t\t\t\t\t\t<section class=\"elementor-section elementor-top-section elementor-element elementor-element-5c2c49a elementor-section-boxed elementor-section-height-default elementor-section-height-default\" data-id=\"5c2c49a\" data-element_type=\"section\" data-e-type=\"section\">\n\t\t\t\t\t\t<div class=\"elementor-container elementor-column-gap-default\">\n\t\t\t\t\t<div class=\"elementor-column elementor-col-100 elementor-top-column elementor-element elementor-element-00d16f4\" data-id=\"00d16f4\" data-element_type=\"column\" data-e-type=\"column\">\n\t\t\t<div class=\"elementor-widget-wrap elementor-element-populated\">\n\t\t\t\t\t\t<div class=\"elementor-element elementor-element-ec03276 elementor-widget elementor-widget-text-editor\" data-id=\"ec03276\" data-element_type=\"widget\" data-e-type=\"widget\" data-widget_type=\"text-editor.default\">\n\t\t\t\t<div class=\"elementor-widget-container\">\n\t\t\t\t\t\t\t\t\t<blockquote><p>Renova is inaugurating a photography exhibition at the Church of Santa Cruz do Castelo, depicting the\u00a0<em>Beatitudes<\/em> through the lens of French photographer Fran\u00e7ois Rousseau. The exhibition marks the 20th anniversary of the book \"Amor Causa\", an artistic commission from Renova to Fran\u00e7ois Rousseau, inspired by Christ's teachings to the 12 Apostles (Mt 5:5-7).<\/p><\/blockquote>\t\t\t\t\t\t\t\t<\/div>\n\t\t\t\t<\/div>\n\t\t\t\t\t<\/div>\n\t\t<\/div>\n\t\t\t\t\t<\/div>\n\t\t<\/section>\n\t\t\t\t<section class=\"elementor-section elementor-top-section elementor-element elementor-element-9fdbd71 elementor-section-boxed elementor-section-height-default elementor-section-height-default\" data-id=\"9fdbd71\" data-element_type=\"section\" data-e-type=\"section\">\n\t\t\t\t\t\t<div class=\"elementor-container elementor-column-gap-default\">\n\t\t\t\t\t<div class=\"elementor-column elementor-col-100 elementor-top-column elementor-element elementor-element-d1b93c9\" data-id=\"d1b93c9\" data-element_type=\"column\" data-e-type=\"column\">\n\t\t\t<div class=\"elementor-widget-wrap elementor-element-populated\">\n\t\t\t\t\t\t<div class=\"elementor-element elementor-element-496e2ab gallery-spacing-custom elementor-widget elementor-widget-image-gallery\" data-id=\"496e2ab\" data-element_type=\"widget\" data-e-type=\"widget\" data-widget_type=\"image-gallery.default\">\n\t\t\t\t<div class=\"elementor-widget-container\">\n\t\t\t\t\t\t\t<div class=\"elementor-image-gallery\">\n\t\t\t<div id='gallery-1' class='gallery galleryid-22581 gallery-columns-1 gallery-size-medium_large'><figure class='gallery-item'>\n\t\t\t<div class='gallery-icon portrait'>\n\t\t\t\t<a data-elementor-open-lightbox=\"yes\" data-elementor-lightbox-slideshow=\"496e2ab\" data-elementor-lightbox-title=\"news agenda cultural lisboa amor causa\" data-e-action-hash=\"#elementor-action%3Aaction%3Dlightbox%26settings%3DeyJpZCI6MjI1ODQsInVybCI6Imh0dHBzOlwvXC9pZ3JlamFkb2Nhc3RlbG8ucHRcL3dwLWNvbnRlbnRcL3VwbG9hZHNcLzIwMjVcLzA2XC9uZXdzLWFnZW5kYS1jdWx0dXJhbC1saXNib2EtYW1vci1jYXVzYS5qcGciLCJzbGlkZXNob3ciOiI0OTZlMmFiIn0%3D\" href='https:\/\/igrejadocastelo.pt\/wp-content\/uploads\/2025\/06\/news-agenda-cultural-lisboa-amor-causa.jpg'><img fetchpriority=\"high\" decoding=\"async\" width=\"437\" height=\"642\" src=\"https:\/\/igrejadocastelo.pt\/wp-content\/uploads\/2025\/06\/news-agenda-cultural-lisboa-amor-causa.jpg\" class=\"attachment-medium_large size-medium_large\" alt=\"\" srcset=\"https:\/\/igrejadocastelo.pt\/wp-content\/uploads\/2025\/06\/news-agenda-cultural-lisboa-amor-causa.jpg 437w, https:\/\/igrejadocastelo.pt\/wp-content\/uploads\/2025\/06\/news-agenda-cultural-lisboa-amor-causa-8x12.jpg 8w\" sizes=\"(max-width: 437px) 100vw, 437px\" \/><\/a>\n\t\t\t<\/div><\/figure>\n\t\t<\/div>\n\t\t<\/div>\n\t\t\t\t\t\t<\/div>\n\t\t\t\t<\/div>\n\t\t\t\t<div class=\"elementor-element elementor-element-1785e58 elementor-align-center elementor-widget elementor-widget-button\" data-id=\"1785e58\" data-element_type=\"widget\" data-e-type=\"widget\" data-widget_type=\"button.default\">\n\t\t\t\t<div class=\"elementor-widget-container\">\n\t\t\t\t\t\t\t\t\t<div class=\"elementor-button-wrapper\">\n\t\t\t\t\t<a class=\"elementor-button elementor-button-link elementor-size-sm\" href=\"https:\/\/www.agendalx.pt\/events\/event\/francois-rousseau\/\" target=\"_blank\">\n\t\t\t\t\t\t<span class=\"elementor-button-content-wrapper\">\n\t\t\t\t\t\t\t\t\t<span class=\"elementor-button-text\">Read the full story<\/span>\n\t\t\t\t\t<\/span>\n\t\t\t\t\t<\/a>\n\t\t\t\t<\/div>\n\t\t\t\t\t\t\t\t<\/div>\n\t\t\t\t<\/div>\n\t\t\t\t<div class=\"elementor-element elementor-element-ba25162 elementor-widget elementor-widget-spacer\" data-id=\"ba25162\" data-element_type=\"widget\" data-e-type=\"widget\" data-widget_type=\"spacer.default\">\n\t\t\t\t<div class=\"elementor-widget-container\">\n\t\t\t\t\t\t\t<div class=\"elementor-spacer\">\n\t\t\t<div class=\"elementor-spacer-inner\"><\/div>\n\t\t<\/div>\n\t\t\t\t\t\t<\/div>\n\t\t\t\t<\/div>\n\t\t\t\t\t<\/div>\n\t\t<\/div>\n\t\t\t\t\t<\/div>\n\t\t<\/section>\n\t\t\t\t<\/div>","protected":false},"excerpt":{"rendered":"<p>A Renova inaugura, na Igreja de Santa Cruz do Castelo a exposi\u00e7\u00e3o de fotografia que retrata as\u00a0Bem-Aventuran\u00e7as pela lente do fot\u00f3grafo franc\u00eas, Fran\u00e7ois Rousseau. A exposi\u00e7\u00e3o assinala os 20 anos do livro \u201cAmor Causa\u201d, uma encomenda art\u00edstica da Renova a Fran\u00e7ois Rousseau, com inspira\u00e7\u00e3o nos ensinamentos de Cristo aos 12 Ap\u00f3stolos (Mt 5, 5-7). Leia<\/p>","protected":false},"author":1,"featured_media":22583,"comment_status":"closed","ping_status":"open","sticky":false,"template":"elementor_header_footer","format":"image","meta":{"footnotes":""},"categories":[81],"tags":[],"class_list":["post-22581","post","type-post","status-publish","format-image","has-post-thumbnail","hentry","category-noticia","post_format-post-format-image"],"_links":{"self":[{"href":"https:\/\/igrejadocastelo.pt\/en\/wp-json\/wp\/v2\/posts\/22581","targetHints":{"allow":["GET"]}}],"collection":[{"href":"https:\/\/igrejadocastelo.pt\/en\/wp-json\/wp\/v2\/posts"}],"about":[{"href":"https:\/\/igrejadocastelo.pt\/en\/wp-json\/wp\/v2\/types\/post"}],"author":[{"embeddable":true,"href":"https:\/\/igrejadocastelo.pt\/en\/wp-json\/wp\/v2\/users\/1"}],"replies":[{"embeddable":true,"href":"https:\/\/igrejadocastelo.pt\/en\/wp-json\/wp\/v2\/comments?post=22581"}],"version-history":[{"count":4,"href":"https:\/\/igrejadocastelo.pt\/en\/wp-json\/wp\/v2\/posts\/22581\/revisions"}],"predecessor-version":[{"id":22587,"href":"https:\/\/igrejadocastelo.pt\/en\/wp-json\/wp\/v2\/posts\/22581\/revisions\/22587"}],"wp:featuredmedia":[{"embeddable":true,"href":"https:\/\/igrejadocastelo.pt\/en\/wp-json\/wp\/v2\/media\/22583"}],"wp:attachment":[{"href":"https:\/\/igrejadocastelo.pt\/en\/wp-json\/wp\/v2\/media?parent=22581"}],"wp:term":[{"taxonomy":"category","embeddable":true,"href":"https:\/\/igrejadocastelo.pt\/en\/wp-json\/wp\/v2\/categories?post=22581"},{"taxonomy":"post_tag","embeddable":true,"href":"https:\/\/igrejadocastelo.pt\/en\/wp-json\/wp\/v2\/tags?post=22581"}],"curies":[{"name":"wp","href":"https:\/\/api.w.org\/{rel}","templated":true}]}}