{"id":22289,"date":"2025-04-14T15:29:41","date_gmt":"2025-04-14T15:29:41","guid":{"rendered":"https:\/\/igrejadocastelo.pt\/?p=22289"},"modified":"2025-04-14T15:37:38","modified_gmt":"2025-04-14T15:37:38","slug":"preparar-a-pas-agencia-ecclesia","status":"publish","type":"post","link":"https:\/\/igrejadocastelo.pt\/en\/preparar-a-pas-agencia-ecclesia\/","title":{"rendered":"&#8220;Preparo a minha pastoral para paroquianos de cinco minutos&#8221; &#8211; Estado com Arte Magazine"},"content":{"rendered":"<div data-elementor-type=\"wp-post\" data-elementor-id=\"22289\" class=\"elementor elementor-22289\">\n\t\t\t\t\t\t<section class=\"elementor-section elementor-top-section elementor-element elementor-element-5c2c49a elementor-section-boxed elementor-section-height-default elementor-section-height-default\" data-id=\"5c2c49a\" data-element_type=\"section\" data-e-type=\"section\">\n\t\t\t\t\t\t<div class=\"elementor-container elementor-column-gap-default\">\n\t\t\t\t\t<div class=\"elementor-column elementor-col-100 elementor-top-column elementor-element elementor-element-00d16f4\" data-id=\"00d16f4\" data-element_type=\"column\" data-e-type=\"column\">\n\t\t\t<div class=\"elementor-widget-wrap elementor-element-populated\">\n\t\t\t\t\t\t<div class=\"elementor-element elementor-element-ec03276 elementor-widget elementor-widget-text-editor\" data-id=\"ec03276\" data-element_type=\"widget\" data-e-type=\"widget\" data-widget_type=\"text-editor.default\">\n\t\t\t\t<div class=\"elementor-widget-container\">\n\t\t\t\t\t\t\t\t\t<blockquote><p><strong>Father Edgar Clara is committed to restoring sacred art in his parishes: St Christopher's and the Church of the Santa Cruz do Castelo.<\/strong><strong>He told the Estado com Arte Podcast that<\/strong><strong>\u00a0\u201c50 canvases are kept in the Torre church in a room awaiting restoration\u201d. The works date back to the time of the religious orders' expulsion in 1834.\u00a0<\/strong><\/p><\/blockquote>\t\t\t\t\t\t\t\t<\/div>\n\t\t\t\t<\/div>\n\t\t\t\t\t<\/div>\n\t\t<\/div>\n\t\t\t\t\t<\/div>\n\t\t<\/section>\n\t\t\t\t<section class=\"elementor-section elementor-top-section elementor-element elementor-element-9fdbd71 elementor-section-boxed elementor-section-height-default elementor-section-height-default\" data-id=\"9fdbd71\" data-element_type=\"section\" data-e-type=\"section\">\n\t\t\t\t\t\t<div class=\"elementor-container elementor-column-gap-default\">\n\t\t\t\t\t<div class=\"elementor-column elementor-col-100 elementor-top-column elementor-element elementor-element-d1b93c9\" data-id=\"d1b93c9\" data-element_type=\"column\" data-e-type=\"column\">\n\t\t\t<div class=\"elementor-widget-wrap elementor-element-populated\">\n\t\t\t\t\t\t<div class=\"elementor-element elementor-element-496e2ab gallery-spacing-custom elementor-widget elementor-widget-image-gallery\" data-id=\"496e2ab\" data-element_type=\"widget\" data-e-type=\"widget\" data-widget_type=\"image-gallery.default\">\n\t\t\t\t<div class=\"elementor-widget-container\">\n\t\t\t\t\t\t\t<div class=\"elementor-image-gallery\">\n\t\t\t<div id='gallery-1' class='gallery galleryid-22289 gallery-columns-1 gallery-size-medium_large'><figure class='gallery-item'>\n\t\t\t<div class='gallery-icon portrait'>\n\t\t\t\t<a data-elementor-open-lightbox=\"yes\" data-elementor-lightbox-slideshow=\"496e2ab\" data-elementor-lightbox-title=\"Not\u00edcias screenshot - Torre da Igreja - 437x642 (3)\" data-e-action-hash=\"#elementor-action%3Aaction%3Dlightbox%26settings%3DeyJpZCI6MjIyOTEsInVybCI6Imh0dHBzOlwvXC9pZ3JlamFkb2Nhc3RlbG8ucHRcL3dwLWNvbnRlbnRcL3VwbG9hZHNcLzIwMjVcLzA0XC9Ob3RpY2lhcy1zY3JlZW5zaG90LVRvcnJlLWRhLUlncmVqYS00Mzd4NjQyLTMucG5nIiwic2xpZGVzaG93IjoiNDk2ZTJhYiJ9\" href='https:\/\/igrejadocastelo.pt\/wp-content\/uploads\/2025\/04\/Noticias-screenshot-Torre-da-Igreja-437x642-3.png'><img fetchpriority=\"high\" decoding=\"async\" width=\"437\" height=\"642\" src=\"https:\/\/igrejadocastelo.pt\/wp-content\/uploads\/2025\/04\/Noticias-screenshot-Torre-da-Igreja-437x642-3.png\" class=\"attachment-medium_large size-medium_large\" alt=\"\" srcset=\"https:\/\/igrejadocastelo.pt\/wp-content\/uploads\/2025\/04\/Noticias-screenshot-Torre-da-Igreja-437x642-3.png 437w, https:\/\/igrejadocastelo.pt\/wp-content\/uploads\/2025\/04\/Noticias-screenshot-Torre-da-Igreja-437x642-3-8x12.png 8w\" sizes=\"(max-width: 437px) 100vw, 437px\" \/><\/a>\n\t\t\t<\/div><\/figure>\n\t\t<\/div>\n\t\t<\/div>\n\t\t\t\t\t\t<\/div>\n\t\t\t\t<\/div>\n\t\t\t\t<div class=\"elementor-element elementor-element-1785e58 elementor-align-center elementor-widget elementor-widget-button\" data-id=\"1785e58\" data-element_type=\"widget\" data-e-type=\"widget\" data-widget_type=\"button.default\">\n\t\t\t\t<div class=\"elementor-widget-container\">\n\t\t\t\t\t\t\t\t\t<div class=\"elementor-button-wrapper\">\n\t\t\t\t\t<a class=\"elementor-button elementor-button-link elementor-size-sm\" href=\"https:\/\/estadocomarte.pt\/site\/2025\/04\/14\/padre-edgar-clara-preparo-a-minha-pastoral-para-paroquianos-de-5-minutos-c-podcast\/\" target=\"_blank\">\n\t\t\t\t\t\t<span class=\"elementor-button-content-wrapper\">\n\t\t\t\t\t\t\t\t\t<span class=\"elementor-button-text\">Read the full story<\/span>\n\t\t\t\t\t<\/span>\n\t\t\t\t\t<\/a>\n\t\t\t\t<\/div>\n\t\t\t\t\t\t\t\t<\/div>\n\t\t\t\t<\/div>\n\t\t\t\t<div class=\"elementor-element elementor-element-ba25162 elementor-widget elementor-widget-spacer\" data-id=\"ba25162\" data-element_type=\"widget\" data-e-type=\"widget\" data-widget_type=\"spacer.default\">\n\t\t\t\t<div class=\"elementor-widget-container\">\n\t\t\t\t\t\t\t<div class=\"elementor-spacer\">\n\t\t\t<div class=\"elementor-spacer-inner\"><\/div>\n\t\t<\/div>\n\t\t\t\t\t\t<\/div>\n\t\t\t\t<\/div>\n\t\t\t\t\t<\/div>\n\t\t<\/div>\n\t\t\t\t\t<\/div>\n\t\t<\/section>\n\t\t\t\t<\/div>","protected":false},"excerpt":{"rendered":"<p>O padre Edgar Clara est\u00e1 empenhado na recupera\u00e7\u00e3o de arte sacra nas suas par\u00f3quias: S. Crist\u00f3v\u00e3o e Igreja da Santa Cruz do Castelo. Ao Podcast Estado com Arte diz que na\u00a0igreja da Torre est\u00e3o guardadas 50 telas numa sala \u00e0 espera de restauro\u201d, as obras remontam \u00e0 \u00e9poca da expuls\u00e3o da ordens religiosas em 1834.\u00a0<\/p>","protected":false},"author":1,"featured_media":22290,"comment_status":"closed","ping_status":"open","sticky":false,"template":"elementor_header_footer","format":"image","meta":{"footnotes":""},"categories":[81],"tags":[],"class_list":["post-22289","post","type-post","status-publish","format-image","has-post-thumbnail","hentry","category-noticia","post_format-post-format-image"],"_links":{"self":[{"href":"https:\/\/igrejadocastelo.pt\/en\/wp-json\/wp\/v2\/posts\/22289","targetHints":{"allow":["GET"]}}],"collection":[{"href":"https:\/\/igrejadocastelo.pt\/en\/wp-json\/wp\/v2\/posts"}],"about":[{"href":"https:\/\/igrejadocastelo.pt\/en\/wp-json\/wp\/v2\/types\/post"}],"author":[{"embeddable":true,"href":"https:\/\/igrejadocastelo.pt\/en\/wp-json\/wp\/v2\/users\/1"}],"replies":[{"embeddable":true,"href":"https:\/\/igrejadocastelo.pt\/en\/wp-json\/wp\/v2\/comments?post=22289"}],"version-history":[{"count":5,"href":"https:\/\/igrejadocastelo.pt\/en\/wp-json\/wp\/v2\/posts\/22289\/revisions"}],"predecessor-version":[{"id":22296,"href":"https:\/\/igrejadocastelo.pt\/en\/wp-json\/wp\/v2\/posts\/22289\/revisions\/22296"}],"wp:featuredmedia":[{"embeddable":true,"href":"https:\/\/igrejadocastelo.pt\/en\/wp-json\/wp\/v2\/media\/22290"}],"wp:attachment":[{"href":"https:\/\/igrejadocastelo.pt\/en\/wp-json\/wp\/v2\/media?parent=22289"}],"wp:term":[{"taxonomy":"category","embeddable":true,"href":"https:\/\/igrejadocastelo.pt\/en\/wp-json\/wp\/v2\/categories?post=22289"},{"taxonomy":"post_tag","embeddable":true,"href":"https:\/\/igrejadocastelo.pt\/en\/wp-json\/wp\/v2\/tags?post=22289"}],"curies":[{"name":"wp","href":"https:\/\/api.w.org\/{rel}","templated":true}]}}