{"id":21924,"date":"2024-07-08T16:52:45","date_gmt":"2024-07-08T16:52:45","guid":{"rendered":"https:\/\/igrejadocastelo.pt\/?p=21924"},"modified":"2024-07-08T16:55:01","modified_gmt":"2024-07-08T16:55:01","slug":"igreja-de-lisboa-lanca-cerveja-para-financiar-restauro-jornal-de-noticias","status":"publish","type":"post","link":"https:\/\/igrejadocastelo.pt\/en\/igreja-de-lisboa-lanca-cerveja-para-financiar-restauro-jornal-de-noticias\/","title":{"rendered":"&#8220;Igreja de Lisboa lan\u00e7a cerveja para financiar restauro&#8221; &#8211; Jornal de Not\u00edcias"},"content":{"rendered":"<div data-elementor-type=\"wp-post\" data-elementor-id=\"21924\" class=\"elementor elementor-21924\">\n\t\t\t\t\t\t<section class=\"elementor-section elementor-top-section elementor-element elementor-element-5c2c49a elementor-section-boxed elementor-section-height-default elementor-section-height-default\" data-id=\"5c2c49a\" data-element_type=\"section\" data-e-type=\"section\">\n\t\t\t\t\t\t<div class=\"elementor-container elementor-column-gap-default\">\n\t\t\t\t\t<div class=\"elementor-column elementor-col-100 elementor-top-column elementor-element elementor-element-00d16f4\" data-id=\"00d16f4\" data-element_type=\"column\" data-e-type=\"column\">\n\t\t\t<div class=\"elementor-widget-wrap elementor-element-populated\">\n\t\t\t\t\t\t<div class=\"elementor-element elementor-element-ec03276 elementor-widget elementor-widget-text-editor\" data-id=\"ec03276\" data-element_type=\"widget\" data-e-type=\"widget\" data-widget_type=\"text-editor.default\">\n\t\t\t\t<div class=\"elementor-widget-container\">\n\t\t\t\t\t\t\t\t\t<blockquote><p>\"Edgar Clara, parish priest of the Church of Santa Cruz do Castelo in Lisbon, is launching Santa Cruz craft beer this Monday in partnership with Afonso Cruz, a Portuguese artist. The initiative is part of a cultural and recreational plan to raise 200 thousand euros to support the conservation of the altars and 11 paintings\"<\/p><\/blockquote>\t\t\t\t\t\t\t\t<\/div>\n\t\t\t\t<\/div>\n\t\t\t\t\t<\/div>\n\t\t<\/div>\n\t\t\t\t\t<\/div>\n\t\t<\/section>\n\t\t\t\t<section class=\"elementor-section elementor-top-section elementor-element elementor-element-9fdbd71 elementor-section-boxed elementor-section-height-default elementor-section-height-default\" data-id=\"9fdbd71\" data-element_type=\"section\" data-e-type=\"section\">\n\t\t\t\t\t\t<div class=\"elementor-container elementor-column-gap-default\">\n\t\t\t\t\t<div class=\"elementor-column elementor-col-100 elementor-top-column elementor-element elementor-element-d1b93c9\" data-id=\"d1b93c9\" data-element_type=\"column\" data-e-type=\"column\">\n\t\t\t<div class=\"elementor-widget-wrap elementor-element-populated\">\n\t\t\t\t\t\t<div class=\"elementor-element elementor-element-496e2ab gallery-spacing-custom elementor-widget elementor-widget-image-gallery\" data-id=\"496e2ab\" data-element_type=\"widget\" data-e-type=\"widget\" data-widget_type=\"image-gallery.default\">\n\t\t\t\t<div class=\"elementor-widget-container\">\n\t\t\t\t\t\t\t<div class=\"elementor-image-gallery\">\n\t\t\t<div id='gallery-1' class='gallery galleryid-21924 gallery-columns-1 gallery-size-medium_large'><figure class='gallery-item'>\n\t\t\t<div class='gallery-icon portrait'>\n\t\t\t\t<a data-elementor-open-lightbox=\"yes\" data-elementor-lightbox-slideshow=\"496e2ab\" data-elementor-lightbox-title=\"Not\u00edcias screenshot - Torre da Igreja - 437x642 (1)\" data-e-action-hash=\"#elementor-action%3Aaction%3Dlightbox%26settings%3DeyJpZCI6MjE5MjYsInVybCI6Imh0dHBzOlwvXC9pZ3JlamFkb2Nhc3RlbG8ucHRcL3dwLWNvbnRlbnRcL3VwbG9hZHNcLzIwMjRcLzA3XC9Ob3RpY2lhcy1zY3JlZW5zaG90LVRvcnJlLWRhLUlncmVqYS00Mzd4NjQyLTEuanBnIiwic2xpZGVzaG93IjoiNDk2ZTJhYiJ9\" href='https:\/\/igrejadocastelo.pt\/wp-content\/uploads\/2024\/07\/Noticias-screenshot-Torre-da-Igreja-437x642-1.jpg'><img fetchpriority=\"high\" decoding=\"async\" width=\"437\" height=\"642\" src=\"https:\/\/igrejadocastelo.pt\/wp-content\/uploads\/2024\/07\/Noticias-screenshot-Torre-da-Igreja-437x642-1.jpg\" class=\"attachment-medium_large size-medium_large\" alt=\"\" srcset=\"https:\/\/igrejadocastelo.pt\/wp-content\/uploads\/2024\/07\/Noticias-screenshot-Torre-da-Igreja-437x642-1.jpg 437w, https:\/\/igrejadocastelo.pt\/wp-content\/uploads\/2024\/07\/Noticias-screenshot-Torre-da-Igreja-437x642-1-8x12.jpg 8w\" sizes=\"(max-width: 437px) 100vw, 437px\" \/><\/a>\n\t\t\t<\/div><\/figure>\n\t\t<\/div>\n\t\t<\/div>\n\t\t\t\t\t\t<\/div>\n\t\t\t\t<\/div>\n\t\t\t\t<div class=\"elementor-element elementor-element-1785e58 elementor-align-center elementor-widget elementor-widget-button\" data-id=\"1785e58\" data-element_type=\"widget\" data-e-type=\"widget\" data-widget_type=\"button.default\">\n\t\t\t\t<div class=\"elementor-widget-container\">\n\t\t\t\t\t\t\t\t\t<div class=\"elementor-button-wrapper\">\n\t\t\t\t\t<a class=\"elementor-button elementor-button-link elementor-size-sm\" href=\"https:\/\/www.jn.pt\/2900464680\/igreja-de-lisboa-lanca-cerveja-para-financiar-restauro\/\" target=\"_blank\">\n\t\t\t\t\t\t<span class=\"elementor-button-content-wrapper\">\n\t\t\t\t\t\t\t\t\t<span class=\"elementor-button-text\">Read the full story<\/span>\n\t\t\t\t\t<\/span>\n\t\t\t\t\t<\/a>\n\t\t\t\t<\/div>\n\t\t\t\t\t\t\t\t<\/div>\n\t\t\t\t<\/div>\n\t\t\t\t<div class=\"elementor-element elementor-element-ba25162 elementor-widget elementor-widget-spacer\" data-id=\"ba25162\" data-element_type=\"widget\" data-e-type=\"widget\" data-widget_type=\"spacer.default\">\n\t\t\t\t<div class=\"elementor-widget-container\">\n\t\t\t\t\t\t\t<div class=\"elementor-spacer\">\n\t\t\t<div class=\"elementor-spacer-inner\"><\/div>\n\t\t<\/div>\n\t\t\t\t\t\t<\/div>\n\t\t\t\t<\/div>\n\t\t\t\t\t<\/div>\n\t\t<\/div>\n\t\t\t\t\t<\/div>\n\t\t<\/section>\n\t\t\t\t<\/div>","protected":false},"excerpt":{"rendered":"<p>&#8220;Edgar Clara, p\u00e1roco da Igreja de Santa Cruz do Castelo, em Lisboa, lan\u00e7a esta segunda-feira a cerveja artesanal Santa Cruz numa parceria com Afonso Cruz, artista portugu\u00eas. Iniciativa enquadra-se em plano cultural e recreativo paras angariar 200 mil euros, que suportem a conserva\u00e7\u00e3o dos altares e de 11 telas&#8221; Leia a not\u00edcia completa<\/p>","protected":false},"author":1,"featured_media":21925,"comment_status":"closed","ping_status":"open","sticky":false,"template":"elementor_header_footer","format":"image","meta":{"footnotes":""},"categories":[81],"tags":[],"class_list":["post-21924","post","type-post","status-publish","format-image","has-post-thumbnail","hentry","category-noticia","post_format-post-format-image"],"_links":{"self":[{"href":"https:\/\/igrejadocastelo.pt\/en\/wp-json\/wp\/v2\/posts\/21924","targetHints":{"allow":["GET"]}}],"collection":[{"href":"https:\/\/igrejadocastelo.pt\/en\/wp-json\/wp\/v2\/posts"}],"about":[{"href":"https:\/\/igrejadocastelo.pt\/en\/wp-json\/wp\/v2\/types\/post"}],"author":[{"embeddable":true,"href":"https:\/\/igrejadocastelo.pt\/en\/wp-json\/wp\/v2\/users\/1"}],"replies":[{"embeddable":true,"href":"https:\/\/igrejadocastelo.pt\/en\/wp-json\/wp\/v2\/comments?post=21924"}],"version-history":[{"count":3,"href":"https:\/\/igrejadocastelo.pt\/en\/wp-json\/wp\/v2\/posts\/21924\/revisions"}],"predecessor-version":[{"id":21929,"href":"https:\/\/igrejadocastelo.pt\/en\/wp-json\/wp\/v2\/posts\/21924\/revisions\/21929"}],"wp:featuredmedia":[{"embeddable":true,"href":"https:\/\/igrejadocastelo.pt\/en\/wp-json\/wp\/v2\/media\/21925"}],"wp:attachment":[{"href":"https:\/\/igrejadocastelo.pt\/en\/wp-json\/wp\/v2\/media?parent=21924"}],"wp:term":[{"taxonomy":"category","embeddable":true,"href":"https:\/\/igrejadocastelo.pt\/en\/wp-json\/wp\/v2\/categories?post=21924"},{"taxonomy":"post_tag","embeddable":true,"href":"https:\/\/igrejadocastelo.pt\/en\/wp-json\/wp\/v2\/tags?post=21924"}],"curies":[{"name":"wp","href":"https:\/\/api.w.org\/{rel}","templated":true}]}}