{"id":21806,"date":"2024-05-24T15:12:25","date_gmt":"2024-05-24T15:12:25","guid":{"rendered":"https:\/\/igrejadocastelo.pt\/?p=21806"},"modified":"2024-06-03T17:02:33","modified_gmt":"2024-06-03T17:02:33","slug":"cerveja-biscoitos-pintura-e-um-miradouro-radio-renascenca","status":"publish","type":"post","link":"https:\/\/igrejadocastelo.pt\/en\/cerveja-biscoitos-pintura-e-um-miradouro-radio-renascenca\/","title":{"rendered":"&#8220;Cerveja, biscoitos, pintura e um miradouro. Como a criatividade&#8230;&#8221; &#8211; R\u00e1dio Renascen\u00e7a"},"content":{"rendered":"<div data-elementor-type=\"wp-post\" data-elementor-id=\"21806\" class=\"elementor elementor-21806\">\n\t\t\t\t\t\t<section class=\"elementor-section elementor-top-section elementor-element elementor-element-5c2c49a elementor-section-boxed elementor-section-height-default elementor-section-height-default\" data-id=\"5c2c49a\" data-element_type=\"section\" data-e-type=\"section\">\n\t\t\t\t\t\t<div class=\"elementor-container elementor-column-gap-default\">\n\t\t\t\t\t<div class=\"elementor-column elementor-col-100 elementor-top-column elementor-element elementor-element-00d16f4\" data-id=\"00d16f4\" data-element_type=\"column\" data-e-type=\"column\">\n\t\t\t<div class=\"elementor-widget-wrap elementor-element-populated\">\n\t\t\t\t\t\t<div class=\"elementor-element elementor-element-ec03276 elementor-widget elementor-widget-text-editor\" data-id=\"ec03276\" data-element_type=\"widget\" data-e-type=\"widget\" data-widget_type=\"text-editor.default\">\n\t\t\t\t<div class=\"elementor-widget-container\">\n\t\t\t\t\t\t\t\t\t<blockquote><p>\"Two hundred and twenty thousand euros are needed to restore altars and artwork in the church of Santa Cruz do Castelo in Lisbon. In an interview with Renascen\u00e7a, the parish priest, Edgar Clara, who previously helped restore the church of S\u00e3o Crist\u00f3v\u00e3o, spoke\n about the cultural programme with which he hopes to raise funds and the challenge of bringing passers-by closer to God in a part of the city that receives \"three million tourists a year\".<\/p><\/blockquote>\t\t\t\t\t\t\t\t<\/div>\n\t\t\t\t<\/div>\n\t\t\t\t\t<\/div>\n\t\t<\/div>\n\t\t\t\t\t<\/div>\n\t\t<\/section>\n\t\t\t\t<section class=\"elementor-section elementor-top-section elementor-element elementor-element-9fdbd71 elementor-section-boxed elementor-section-height-default elementor-section-height-default\" data-id=\"9fdbd71\" data-element_type=\"section\" data-e-type=\"section\">\n\t\t\t\t\t\t<div class=\"elementor-container elementor-column-gap-default\">\n\t\t\t\t\t<div class=\"elementor-column elementor-col-100 elementor-top-column elementor-element elementor-element-d1b93c9\" data-id=\"d1b93c9\" data-element_type=\"column\" data-e-type=\"column\">\n\t\t\t<div class=\"elementor-widget-wrap elementor-element-populated\">\n\t\t\t\t\t\t<div class=\"elementor-element elementor-element-496e2ab gallery-spacing-custom elementor-widget elementor-widget-image-gallery\" data-id=\"496e2ab\" data-element_type=\"widget\" data-e-type=\"widget\" data-widget_type=\"image-gallery.default\">\n\t\t\t\t<div class=\"elementor-widget-container\">\n\t\t\t\t\t\t\t<div class=\"elementor-image-gallery\">\n\t\t\t<div id='gallery-1' class='gallery galleryid-21806 gallery-columns-1 gallery-size-medium_large'><figure class='gallery-item'>\n\t\t\t<div class='gallery-icon portrait'>\n\t\t\t\t<a data-elementor-open-lightbox=\"yes\" data-elementor-lightbox-slideshow=\"496e2ab\" data-elementor-lightbox-title=\"Not\u00edcias screenshot - Torre da Igreja - Renascen\u00e7a\" data-e-action-hash=\"#elementor-action%3Aaction%3Dlightbox%26settings%3DeyJpZCI6MjE4MDcsInVybCI6Imh0dHBzOlwvXC9pZ3JlamFkb2Nhc3RlbG8ucHRcL3dwLWNvbnRlbnRcL3VwbG9hZHNcLzIwMjRcLzA2XC9Ob3RpY2lhcy1zY3JlZW5zaG90LVRvcnJlLWRhLUlncmVqYS1SZW5hc2NlbmNhLmpwZyIsInNsaWRlc2hvdyI6IjQ5NmUyYWIifQ%3D%3D\" href='https:\/\/igrejadocastelo.pt\/wp-content\/uploads\/2024\/06\/Noticias-screenshot-Torre-da-Igreja-Renascenca.jpg'><img fetchpriority=\"high\" decoding=\"async\" width=\"437\" height=\"642\" src=\"https:\/\/igrejadocastelo.pt\/wp-content\/uploads\/2024\/06\/Noticias-screenshot-Torre-da-Igreja-Renascenca.jpg\" class=\"attachment-medium_large size-medium_large\" alt=\"\" \/><\/a>\n\t\t\t<\/div><\/figure>\n\t\t<\/div>\n\t\t<\/div>\n\t\t\t\t\t\t<\/div>\n\t\t\t\t<\/div>\n\t\t\t\t<div class=\"elementor-element elementor-element-1785e58 elementor-align-center elementor-widget elementor-widget-button\" data-id=\"1785e58\" data-element_type=\"widget\" data-e-type=\"widget\" data-widget_type=\"button.default\">\n\t\t\t\t<div class=\"elementor-widget-container\">\n\t\t\t\t\t\t\t\t\t<div class=\"elementor-button-wrapper\">\n\t\t\t\t\t<a class=\"elementor-button elementor-button-link elementor-size-sm\" href=\"https:\/\/rr.sapo.pt\/noticia\/religiao\/2024\/05\/24\/cerveja-biscoitos-pintura-e-um-miradouro-como-a-criatividade-de-um-padre-transforma-igreja-em-lisboa\/379604\/?fbclid=IwZXh0bgNhZW0CMTEAAR3tAiKj2e1zwSaJUTDMYFKennT2_wEU4uDOzTuV6okTxYVHEn0cdMOG5ls_aem_AbBBkZgHawA4HCWZrEnA8xtudnmzKbOt0rn4JKsfOeRxNPQMoUGa-B_1lAR-lWURTbPPhuV_ZhzzUPcy7VX6E-1R\" target=\"_blank\">\n\t\t\t\t\t\t<span class=\"elementor-button-content-wrapper\">\n\t\t\t\t\t\t\t\t\t<span class=\"elementor-button-text\">Read the full story<\/span>\n\t\t\t\t\t<\/span>\n\t\t\t\t\t<\/a>\n\t\t\t\t<\/div>\n\t\t\t\t\t\t\t\t<\/div>\n\t\t\t\t<\/div>\n\t\t\t\t<div class=\"elementor-element elementor-element-ba25162 elementor-widget elementor-widget-spacer\" data-id=\"ba25162\" data-element_type=\"widget\" data-e-type=\"widget\" data-widget_type=\"spacer.default\">\n\t\t\t\t<div class=\"elementor-widget-container\">\n\t\t\t\t\t\t\t<div class=\"elementor-spacer\">\n\t\t\t<div class=\"elementor-spacer-inner\"><\/div>\n\t\t<\/div>\n\t\t\t\t\t\t<\/div>\n\t\t\t\t<\/div>\n\t\t\t\t\t<\/div>\n\t\t<\/div>\n\t\t\t\t\t<\/div>\n\t\t<\/section>\n\t\t\t\t<\/div>","protected":false},"excerpt":{"rendered":"<p>&#8220;S\u00e3o precisos 220 mil euros para restaurar altares e obras de arte da igreja de Santa Cruz do Castelo, em Lisboa. Em entrevista \u00e0 Renascen\u00e7a o p\u00e1roco, Edgar Clara, que antes j\u00e1 dinamizou a recupera\u00e7\u00e3o da igreja de S\u00e3o Crist\u00f3v\u00e3o, fala do programa cultural com que espera angariar fundos e do desafio que \u00e9 aproximar<\/p>","protected":false},"author":1,"featured_media":21833,"comment_status":"closed","ping_status":"open","sticky":false,"template":"elementor_header_footer","format":"image","meta":{"footnotes":""},"categories":[81],"tags":[],"class_list":["post-21806","post","type-post","status-publish","format-image","has-post-thumbnail","hentry","category-noticia","post_format-post-format-image"],"_links":{"self":[{"href":"https:\/\/igrejadocastelo.pt\/en\/wp-json\/wp\/v2\/posts\/21806","targetHints":{"allow":["GET"]}}],"collection":[{"href":"https:\/\/igrejadocastelo.pt\/en\/wp-json\/wp\/v2\/posts"}],"about":[{"href":"https:\/\/igrejadocastelo.pt\/en\/wp-json\/wp\/v2\/types\/post"}],"author":[{"embeddable":true,"href":"https:\/\/igrejadocastelo.pt\/en\/wp-json\/wp\/v2\/users\/1"}],"replies":[{"embeddable":true,"href":"https:\/\/igrejadocastelo.pt\/en\/wp-json\/wp\/v2\/comments?post=21806"}],"version-history":[{"count":12,"href":"https:\/\/igrejadocastelo.pt\/en\/wp-json\/wp\/v2\/posts\/21806\/revisions"}],"predecessor-version":[{"id":21836,"href":"https:\/\/igrejadocastelo.pt\/en\/wp-json\/wp\/v2\/posts\/21806\/revisions\/21836"}],"wp:featuredmedia":[{"embeddable":true,"href":"https:\/\/igrejadocastelo.pt\/en\/wp-json\/wp\/v2\/media\/21833"}],"wp:attachment":[{"href":"https:\/\/igrejadocastelo.pt\/en\/wp-json\/wp\/v2\/media?parent=21806"}],"wp:term":[{"taxonomy":"category","embeddable":true,"href":"https:\/\/igrejadocastelo.pt\/en\/wp-json\/wp\/v2\/categories?post=21806"},{"taxonomy":"post_tag","embeddable":true,"href":"https:\/\/igrejadocastelo.pt\/en\/wp-json\/wp\/v2\/tags?post=21806"}],"curies":[{"name":"wp","href":"https:\/\/api.w.org\/{rel}","templated":true}]}}